{"id":203,"date":"2025-03-13T16:03:17","date_gmt":"2025-03-13T15:03:17","guid":{"rendered":"https:\/\/rppconnect.org\/?p=203"},"modified":"2025-03-13T16:06:48","modified_gmt":"2025-03-13T15:06:48","slug":"visite-inopinee-du-secretaire-general-du-parti-camarade-ilyas-m-dawaleh-a-lecole-de-lannexe-rpp-hayabley","status":"publish","type":"post","link":"https:\/\/rppconnect.org\/?p=203","title":{"rendered":"Visite inopin\u00e9e du Secr\u00e9taire G\u00e9n\u00e9ral du Parti, Camarade Ilyas M Dawaleh \u00e0 l&#8217;\u00e9cole de l&#8217;annexe RPP Hayabley."},"content":{"rendered":"\n<p><\/p>\n\n\n\n<p>Lundi 10 mars 2025&#8211; Le SG \u00e0 l&#8217;annexe Hayabley !<\/p>\n\n\n\n<p>En cette onzi\u00e8me soir\u00e9e du mois b\u00e9ni de Ramadan, le secr\u00e9taire g\u00e9n\u00e9ral du Parti , son excellence monsieur #IlyasMoussaDawaleh s&#8217;est rendu \u00e0 l&#8217;#annexe #RPP de #Hayabley pour visiter d&#8217;une mani\u00e8re inopin\u00e9e, les cours de soutien et de formation professionnelle r\u00e9alis\u00e9s par cette m\u00eame annexe aux enfants de Hayabley..<br>Assistant au d\u00e9roulement d&#8217;une s\u00e9ance des \u00e9l\u00e8ves des Terminales, le secr\u00e9taire g\u00e9n\u00e9ral du Parti n&#8217;a pas cach\u00e9 sa satisfaction quant au bon fonctionnement et \u00e0 la qualit\u00e9 des cours et des sessions de formations qu&#8217;il a pu, ce soir, constater \u00e0 l&#8217;annexe RPP Hayabley. Il a tenu \u00e0 encourager vivement les \u00e9l\u00e8ves et f\u00e9liciter les enseignants et les responsables de l&#8217;annexe.<\/p>\n\n\n\n<figure class=\"wp-block-image size-large\"><img loading=\"lazy\" decoding=\"async\" width=\"1024\" height=\"768\" src=\"https:\/\/rppconnect.org\/wp-content\/uploads\/2025\/03\/IMG-20250313-WA0026-1024x768.jpg\" alt=\"\" class=\"wp-image-206\" srcset=\"https:\/\/rppconnect.org\/wp-content\/uploads\/2025\/03\/IMG-20250313-WA0026-1024x768.jpg 1024w, https:\/\/rppconnect.org\/wp-content\/uploads\/2025\/03\/IMG-20250313-WA0026-300x225.jpg 300w, https:\/\/rppconnect.org\/wp-content\/uploads\/2025\/03\/IMG-20250313-WA0026-768x576.jpg 768w, https:\/\/rppconnect.org\/wp-content\/uploads\/2025\/03\/IMG-20250313-WA0026.jpg 1080w\" sizes=\"auto, (max-width: 1024px) 100vw, 1024px\" \/><\/figure>\n\n\n\n<p>Ravi du constat et de l&#8217;\u00e9tat d&#8217;esprit des enfants avec lesquels il a longuement \u00e9chang\u00e9, le Secr\u00e9taire G\u00e9n\u00e9ral, Monsieur Ilyas Moussa Dawaleh a soulign\u00e9 l&#8217;importance des cours de soutien gratuits, destin\u00e9s, a-t-il -pr\u00e9cis\u00e9, \u00e0 accompagner les enfants dans la r\u00e9ussite de leur cursus scolaire ordinaire. Il a notamment rappel\u00e9 que l&#8217;initiation \u00e0 l&#8217;informatique et la formation \u00e0 la couture offrent aux jeunes filles concern\u00e9es, l&#8217;opportunit\u00e9 et les comp\u00e9tences n\u00e9cessaires susceptibles de les aider dans la vie courante\u2026<\/p>\n\n\n\n<figure class=\"wp-block-image size-large\"><img loading=\"lazy\" decoding=\"async\" width=\"1024\" height=\"768\" src=\"https:\/\/rppconnect.org\/wp-content\/uploads\/2025\/03\/IMG-20250313-WA0033-1024x768.jpg\" alt=\"\" class=\"wp-image-209\" srcset=\"https:\/\/rppconnect.org\/wp-content\/uploads\/2025\/03\/IMG-20250313-WA0033-1024x768.jpg 1024w, https:\/\/rppconnect.org\/wp-content\/uploads\/2025\/03\/IMG-20250313-WA0033-300x225.jpg 300w, https:\/\/rppconnect.org\/wp-content\/uploads\/2025\/03\/IMG-20250313-WA0033-768x576.jpg 768w, https:\/\/rppconnect.org\/wp-content\/uploads\/2025\/03\/IMG-20250313-WA0033.jpg 1080w\" sizes=\"auto, (max-width: 1024px) 100vw, 1024px\" \/><\/figure>\n\n\n\n<p><del>~<\/del>~Initi\u00e9es, il y a une dizaine d&#8217;ann\u00e9es, les activit\u00e9s de l&#8217;annexe RPP Hayabley pour l&#8217;ann\u00e9e 2025 ont bien d\u00e9marr\u00e9 depuis le mois de novembre 2024.<\/p>\n\n\n\n<p>L&#8217;annexe RPP de HAYABLEH dispense des cours de soutien gratuits pour les \u00e9l\u00e8ves orphelins et ceux des familles dont la situation socio-\u00e9conomique est peu favoris\u00e9e des classes de 5\u00e8me ann\u00e9e et de 9\u00e8me ann\u00e9e, des cours initiation-informatique pour les adultes ainsi qu&#8217;une formation de couture aux jeunes femmes\u2026<\/p>\n\n\n\n<figure class=\"wp-block-image size-large\"><img loading=\"lazy\" decoding=\"async\" width=\"1024\" height=\"768\" src=\"https:\/\/rppconnect.org\/wp-content\/uploads\/2025\/03\/IMG-20250313-WA0034-1024x768.jpg\" alt=\"\" class=\"wp-image-204\" srcset=\"https:\/\/rppconnect.org\/wp-content\/uploads\/2025\/03\/IMG-20250313-WA0034-1024x768.jpg 1024w, https:\/\/rppconnect.org\/wp-content\/uploads\/2025\/03\/IMG-20250313-WA0034-300x225.jpg 300w, https:\/\/rppconnect.org\/wp-content\/uploads\/2025\/03\/IMG-20250313-WA0034-768x576.jpg 768w, https:\/\/rppconnect.org\/wp-content\/uploads\/2025\/03\/IMG-20250313-WA0034.jpg 1080w\" sizes=\"auto, (max-width: 1024px) 100vw, 1024px\" \/><\/figure>\n\n\n\n<p>Cette ann\u00e9e, les membres du comit\u00e9 de l&#8217;annexe sous la pr\u00e9sidence de M Osman Hared ont d\u00e9cid\u00e9 de r\u00e9former l\u00e9g\u00e8rement le programme en y ajoutant deux autres niveaux notamment pour les \u00e9l\u00e8ves de 2ieme ann\u00e9e et surtout de &#8220;Terminale&#8221; en r\u00e9ponse aux besoins et \u00e0 la demande des b\u00e9n\u00e9ficiaires .<br>Pour accomplir sa mission qui a \u00e9t\u00e9 initi\u00e9e en vertu des directives politiques trac\u00e9es par le comit\u00e9 ex\u00e9cutif conform\u00e9ment aux orientations du pr\u00e9sident du Parti, son excellence Isma\u00efl Ismail Omar Guelleh , L&#8217;annexe du RPP de HAYABLEH, en coordination avec le Secr\u00e9taire G\u00e9n\u00e9ral et le Vice-pr\u00e9sident du parti travaille 7 jours sur 7 au service de la population<\/p>\n","protected":false},"excerpt":{"rendered":"<p>En cette onzi\u00e8me soir\u00e9e du mois b\u00e9ni de Ramadan, le secr\u00e9taire g\u00e9n\u00e9ral du Parti , son excellence monsieur #IlyasMoussaDawaleh s&#8217;est rendu \u00e0 l&#8217;Annexe RPP de #Hayabley pour visiter d&#8217;une mani\u00e8re inopin\u00e9e, les cours de soutien et de formation professionnelle r\u00e9alis\u00e9s par cette m\u00eame annexe aux enfants de Hayabley.<\/p>\n","protected":false},"author":1,"featured_media":204,"comment_status":"open","ping_status":"open","sticky":false,"template":"","format":"standard","meta":{"_monsterinsights_skip_tracking":false,"_monsterinsights_sitenote_active":false,"_monsterinsights_sitenote_note":"","_monsterinsights_sitenote_category":0,"footnotes":""},"categories":[3],"tags":[],"class_list":["post-203","post","type-post","status-publish","format-standard","has-post-thumbnail","hentry","category-news"],"_links":{"self":[{"href":"https:\/\/rppconnect.org\/index.php?rest_route=\/wp\/v2\/posts\/203","targetHints":{"allow":["GET"]}}],"collection":[{"href":"https:\/\/rppconnect.org\/index.php?rest_route=\/wp\/v2\/posts"}],"about":[{"href":"https:\/\/rppconnect.org\/index.php?rest_route=\/wp\/v2\/types\/post"}],"author":[{"embeddable":true,"href":"https:\/\/rppconnect.org\/index.php?rest_route=\/wp\/v2\/users\/1"}],"replies":[{"embeddable":true,"href":"https:\/\/rppconnect.org\/index.php?rest_route=%2Fwp%2Fv2%2Fcomments&post=203"}],"version-history":[{"count":2,"href":"https:\/\/rppconnect.org\/index.php?rest_route=\/wp\/v2\/posts\/203\/revisions"}],"predecessor-version":[{"id":213,"href":"https:\/\/rppconnect.org\/index.php?rest_route=\/wp\/v2\/posts\/203\/revisions\/213"}],"wp:featuredmedia":[{"embeddable":true,"href":"https:\/\/rppconnect.org\/index.php?rest_route=\/wp\/v2\/media\/204"}],"wp:attachment":[{"href":"https:\/\/rppconnect.org\/index.php?rest_route=%2Fwp%2Fv2%2Fmedia&parent=203"}],"wp:term":[{"taxonomy":"category","embeddable":true,"href":"https:\/\/rppconnect.org\/index.php?rest_route=%2Fwp%2Fv2%2Fcategories&post=203"},{"taxonomy":"post_tag","embeddable":true,"href":"https:\/\/rppconnect.org\/index.php?rest_route=%2Fwp%2Fv2%2Ftags&post=203"}],"curies":[{"name":"wp","href":"https:\/\/api.w.org\/{rel}","templated":true}]}}