{"id":217,"date":"2025-03-13T16:11:13","date_gmt":"2025-03-13T15:11:13","guid":{"rendered":"https:\/\/rppconnect.org\/?p=217"},"modified":"2025-03-13T16:11:15","modified_gmt":"2025-03-13T15:11:15","slug":"neuvieme-conference-ministerielle-du-forum-de-cooperation-chinois-africain","status":"publish","type":"post","link":"https:\/\/rppconnect.org\/?p=217","title":{"rendered":"Neuvi\u00e8me Conf\u00e9rence minist\u00e9rielle du Forum de coop\u00e9ration Chinois-Africain"},"content":{"rendered":"\n<p>En pr\u00e9lude du sommet, le ministre de l&#8217;\u00c9conomie et des Finances, M.Ilyas Moussa Dawaleh, et le ministre des Affaires \u00e9trang\u00e8res et de la Coop\u00e9ration internationale, Mahmoud Ali Youssouf, ont repr\u00e9sent\u00e9 Djibouti \u00e0 la neuvi\u00e8me conf\u00e9rence minist\u00e9rielle du Forum sur la coop\u00e9ration sino-africaine (FOCAC) \u00e0 P\u00e9kin.<\/p>\n\n\n\n<p>Plus de 300 personnes ont assist\u00e9 \u00e0 la r\u00e9union, dont des ministres des Affaires \u00e9trang\u00e8res et des ministres de l&#8217;\u00c9conomie de 53 \u00c9tats africains membres du FOCAC, ainsi que des repr\u00e9sentants de l&#8217;Union africaine et d&#8217;autres organisations r\u00e9gionales et internationales.<\/p>\n\n\n\n<p>La conf\u00e9rence a abord\u00e9 la mise en \u0153uvre des r\u00e9sultats de la huiti\u00e8me Conf\u00e9rence minist\u00e9rielle du FOCAC en 2021, les r\u00e9sultats de la coop\u00e9ration au d\u00e9veloppement entre la Chine et l&#8217;Afrique et l&#8217;aide fournie par la Chine \u00e0 l&#8217;Afrique. Elle a \u00e9galement examin\u00e9 et adopt\u00e9 un ordre du jour et un projet de document final pour la conf\u00e9rence pour le prochain sommet.<\/p>\n\n\n\n<p>En marge de cette participation, le ministre de l&#8217;\u00c9conomie et des Finances, M. Ilyas Moussa Dawaleh, s&#8217;est \u00e9galement entretenu avec le vice-gouverneur de la Banque populaire de Chine. Lors de la r\u00e9union, les deux parties ont r\u00e9affirm\u00e9 leur engagement et leur ambition de faire de Djibouti un centre financier r\u00e9gional dans la Corne de l&#8217;Afrique, ainsi qu&#8217;un centre r\u00e9gional d&#8217;implantation.\u00a0<\/p>\n","protected":false},"excerpt":{"rendered":"<p>En pr\u00e9lude du sommet, le ministre de l&#8217;\u00c9conomie et des Finances, M.Ilyas Moussa Dawaleh, et le ministre des Affaires \u00e9trang\u00e8res et de la Coop\u00e9ration internationale, Mahmoud Ali Youssouf, ont repr\u00e9sent\u00e9 Djibouti \u00e0 la neuvi\u00e8me conf\u00e9rence minist\u00e9rielle du Forum sur la coop\u00e9ration sino-africaine (FOCAC) \u00e0 P\u00e9kin. Plus de 300 personnes ont assist\u00e9 \u00e0 la r\u00e9union, dont [&hellip;]<\/p>\n","protected":false},"author":1,"featured_media":0,"comment_status":"open","ping_status":"open","sticky":false,"template":"","format":"standard","meta":{"_monsterinsights_skip_tracking":false,"_monsterinsights_sitenote_active":false,"_monsterinsights_sitenote_note":"","_monsterinsights_sitenote_category":0,"footnotes":""},"categories":[3],"tags":[],"class_list":["post-217","post","type-post","status-publish","format-standard","hentry","category-news"],"_links":{"self":[{"href":"https:\/\/rppconnect.org\/index.php?rest_route=\/wp\/v2\/posts\/217","targetHints":{"allow":["GET"]}}],"collection":[{"href":"https:\/\/rppconnect.org\/index.php?rest_route=\/wp\/v2\/posts"}],"about":[{"href":"https:\/\/rppconnect.org\/index.php?rest_route=\/wp\/v2\/types\/post"}],"author":[{"embeddable":true,"href":"https:\/\/rppconnect.org\/index.php?rest_route=\/wp\/v2\/users\/1"}],"replies":[{"embeddable":true,"href":"https:\/\/rppconnect.org\/index.php?rest_route=%2Fwp%2Fv2%2Fcomments&post=217"}],"version-history":[{"count":1,"href":"https:\/\/rppconnect.org\/index.php?rest_route=\/wp\/v2\/posts\/217\/revisions"}],"predecessor-version":[{"id":218,"href":"https:\/\/rppconnect.org\/index.php?rest_route=\/wp\/v2\/posts\/217\/revisions\/218"}],"wp:attachment":[{"href":"https:\/\/rppconnect.org\/index.php?rest_route=%2Fwp%2Fv2%2Fmedia&parent=217"}],"wp:term":[{"taxonomy":"category","embeddable":true,"href":"https:\/\/rppconnect.org\/index.php?rest_route=%2Fwp%2Fv2%2Fcategories&post=217"},{"taxonomy":"post_tag","embeddable":true,"href":"https:\/\/rppconnect.org\/index.php?rest_route=%2Fwp%2Fv2%2Ftags&post=217"}],"curies":[{"name":"wp","href":"https:\/\/api.w.org\/{rel}","templated":true}]}}